{"id":"351","slug":"o-vicio-nao-e-uma-forca-qu-881","content":"O v\u00edcio n\u00e3o \u00e9 uma for\u00e7a que te domina, mas uma fraqueza que voc\u00ea alimenta. Cada vez que cedes ao impulso f\u00e1cil, n\u00e3o est\u00e1s sendo conquistado por algo maior, est\u00e1s escolhendo tornar-te menor.","author_id":20,"source_work":"Medita\u00e7\u00f5es (adapta\u00e7\u00e3o tem\u00e1tica)","year":null,"source_url":null,"rights_status":"unclear","verification_status":"unverified","context":"Esta reflex\u00e3o, inspirada na filosofia estoica de Marco Aur\u00e9lio, aborda a natureza dos v\u00edcios n\u00e3o como monstros externos, mas como falhas internas de car\u00e1ter e julgamento que cultivamos atrav\u00e9s de repetidas m\u00e1s escolhas.","interpretation":"A cita\u00e7\u00e3o inverte a narrativa comum sobre o v\u00edcio. Em vez de um poder externo avassalador, ele \u00e9 apresentado como uma fraqueza interna que cresce atrav\u00e9s do nosso pr\u00f3prio consentimento e repeti\u00e7\u00e3o. A \u00eanfase est\u00e1 na ag\u00eancia e responsabilidade pessoal: cada reca\u00edda \u00e9 uma escolha ativa que diminui a nossa integridade e for\u00e7a de vontade.","application":"Para combater um v\u00edcio, n\u00e3o se deve lutar contra um inimigo gigante, mas parar de alimentar a pr\u00f3pria fraqueza. Aplicar isso significa focar no autocontrole di\u00e1rio, na recusa consciente do impulso imediato e no cultivo de h\u00e1bitos virtuosos que fortale\u00e7am o car\u00e1ter. \u00c9 uma mudan\u00e7a de perspectiva de 'ser vencido' para 'deixar de se vencer a si mesmo'.","created_at":"2026-01-24 18:25:15","bibliography":"Inspirado nos princ\u00edpios estoicos expostos em 'Medita\u00e7\u00f5es' de Marco Aur\u00e9lio. Leitura sugerida: 'Sobre a Firmeza do S\u00e1bio' de S\u00eaneca, que explora profundamente a ideia de que v\u00edcios e ofensas s\u00f3 nos afetam se consentirmos com eles.","author_name":"Marco Aur\u00e9lio","author_slug":"marco-aurelio","themes":[{"title":"V\u00edcio","slug":"vicio"}]}