{"id":"374","slug":"o-verdadeiro-compromisso-poli-788","content":"O verdadeiro compromisso pol\u00edtico n\u00e3o \u00e9 aquele que se proclama nas pra\u00e7as, mas aquele que se vive na solid\u00e3o da decis\u00e3o \u00e9tica, onde o indiv\u00edduo, diante de Deus, assume a responsabilidade pelo Outro que o sistema ignora.","author_id":11,"source_work":"Desconhecido (inspirado na obra 'O Desespero Humano' e nos 'Discursos Edificantes')","year":null,"source_url":null,"rights_status":"unclear","verification_status":"unverified","context":"Esta cita\u00e7\u00e3o foi concebida a partir da fus\u00e3o do pensamento kierkegaardiano sobre a subjetividade, a ang\u00fastia da liberdade e a rela\u00e7\u00e3o absoluta com o absoluto (Deus), aplicada ao \u00e2mbito da a\u00e7\u00e3o pol\u00edtica. Reflete sua cr\u00edtica \u00e0 'multid\u00e3o' e \u00e0 abstra\u00e7\u00e3o dos sistemas que anulam a responsabilidade individual.","interpretation":"Kierkegaard distinguiria radicalmente a \u00e9tica da pol\u00edtica convencional. Para ele, a aut\u00eantica a\u00e7\u00e3o pol\u00edtica nasce n\u00e3o da ades\u00e3o a uma ideologia coletiva, mas do salto \u00e9tico individual, da decis\u00e3o interior e solit\u00e1ria onde o sujeito, em sua rela\u00e7\u00e3o com o infinito (Deus), reconhece e assume um compromisso incondicional com o pr\u00f3ximo. A pol\u00edtica genu\u00edna \u00e9, portanto, uma consequ\u00eancia da \u00e9tica religiosa, n\u00e3o o contr\u00e1rio.","application":"Na pr\u00e1tica, isso desafia a no\u00e7\u00e3o de que a mudan\u00e7a social vem apenas de grandes movimentos ou reformas institucionais. Prop\u00f5e que a transforma\u00e7\u00e3o pol\u00edtica come\u00e7a na consci\u00eancia \u00e9tica de cada pessoa, em suas escolhas cotidianas que priorizam o rosto concreto do 'Outro' sobre as abstra\u00e7\u00f5es do poder, do partido ou da maioria. \u00c9 um chamado \u00e0 responsabilidade pessoal intransfer\u00edvel.","created_at":"2026-01-24 18:33:27","bibliography":"Inspirado nos conceitos de S. Kierkegaard em 'O Descrente at\u00e9 a Morte' (1849) e 'Temor e Tremor' (1843). Para uma leitura relacionada, sugere-se '\u00c9tica como Filosofia Primeira' de Emmanuel L\u00e9vinas, que desenvolve a ideia de responsabilidade infinita pelo Outro a partir de uma inspira\u00e7\u00e3o kierkegaardiana.","author_name":"S\u00f8ren Kierkegaard","author_slug":"soren-kierkegaard","themes":[{"title":"\u00c9tica Pol\u00edtica","slug":"etica-politica"}]}