{"id":"368","slug":"o-universo-nao-e-uma-maquin-347","content":"O universo n\u00e3o \u00e9 uma m\u00e1quina que se descreve, mas um poema que se vive; cada estrela \u00e9 uma s\u00edlaba no verso eterno que escrevemos com nossa consci\u00eancia.","author_id":24,"source_work":"Reflex\u00f5es sobre a Natureza (obra ap\u00f3crifa)","year":null,"source_url":null,"rights_status":"unclear","verification_status":"unverified","context":"Esta reflex\u00e3o, atribu\u00edda ao esp\u00edrito goethiano, surge do di\u00e1logo entre sua vis\u00e3o rom\u00e2ntica da natureza e o pensamento cient\u00edfico. Representa uma s\u00edntese entre o 'Fausto' (busca pelo conhecimento total) e sua teoria das cores (percep\u00e7\u00e3o ativa da realidade).","interpretation":"Prop\u00f5e uma vis\u00e3o org\u00e2nica e participativa do cosmos: n\u00e3o somos meros observadores de um mecanismo externo, mas coautores ativos da realidade atrav\u00e9s da percep\u00e7\u00e3o e da experi\u00eancia consciente. O universo ganha significado na medida em que o vivenciamos poeticamente.","application":"Convida a abandonar uma postura puramente anal\u00edtica diante da exist\u00eancia e a engajar-se com o mundo de forma integral \u2014 unindo raz\u00e3o, sensibilidade e a\u00e7\u00e3o. Aplica-se \u00e0 educa\u00e7\u00e3o, \u00e0 arte e \u00e0 pr\u00f3pria busca cient\u00edfica, quando esta reconhece o sujeito como parte do fen\u00f4meno.","created_at":"2026-01-24 18:31:19","bibliography":"Atribui\u00e7\u00e3o inspirada nas ideias de Goethe em 'A Doutrina das Cores' (1810) e no 'Fausto' (1808\/1832). Para aprofundar: 'Goethe e a Ci\u00eancia' de Henri Bortoft, que explora sua vis\u00e3o hol\u00edstica onde 'o observador \u00e9 parte integrante do observado'.","author_name":"Johann Wolfgang von Goethe","author_slug":"johann-wolfgang-von-goethe","themes":[{"title":"Universo","slug":"universo"}]}