{"id":"297","slug":"o-trabalho-que-dignifica-nao-914","content":"O trabalho que dignifica n\u00e3o \u00e9 aquele que apenas sustenta o corpo, mas aquele que educa a alma e a conduz \u00e0 sua plenitude.","author_id":3,"source_work":"\u00c9tica a Nic\u00f4maco (adapta\u00e7\u00e3o tem\u00e1tica)","year":null,"source_url":null,"rights_status":"unclear","verification_status":"unverified","context":"Esta reflex\u00e3o surge a partir da distin\u00e7\u00e3o aristot\u00e9lica entre as atividades necess\u00e1rias para a sobreviv\u00eancia (poiesis) e as atividades que realizam a excel\u00eancia humana (praxis). Embora n\u00e3o seja uma cita\u00e7\u00e3o literal, sintetiza seu pensamento sobre a rela\u00e7\u00e3o entre trabalho e virtude.","interpretation":"Arist\u00f3teles diferencia o trabalho meramente instrumental \u2013 feito por necessidade ou para obter um produto \u2013 da a\u00e7\u00e3o virtuosa, que \u00e9 um fim em si mesma. O verdadeiro valor do trabalho reside em seu potencial formativo: ao exercer uma atividade com excel\u00eancia (aret\u00e9), o ser humano n\u00e3o apenas produz algo, mas tamb\u00e9m se transforma e realiza sua natureza racional e social.","application":"Na vida contempor\u00e2nea, essa perspectiva convida a refletir sobre como nossas ocupa\u00e7\u00f5es podem ser mais do fontes de renda. Podemos buscar ou moldar trabalhos que desenvolvam nossas capacidades, contribuam para a comunidade e nos permitam praticar virtudes como a prud\u00eancia, a coragem e a justi\u00e7a, integrando \u00e9tica e profiss\u00e3o.","created_at":"2026-01-24 18:08:10","bibliography":"Base conceitual em '\u00c9tica a Nic\u00f4maco', Livros I e VI. Leitura sugerida: 'A Condi\u00e7\u00e3o Humana' de Hannah Arendt, que retoma e desenvolve a distin\u00e7\u00e3o entre labor, trabalho e a\u00e7\u00e3o, dialogando criticamente com a tradi\u00e7\u00e3o aristot\u00e9lica.","author_name":"Arist\u00f3teles","author_slug":"aristoteles","themes":[{"title":"Trabalho","slug":"trabalho"}]}