{"id":"377","slug":"o-que-e-o-mundo-senao-uma-so-903","content":"O que \u00e9 o mundo sen\u00e3o uma sombra que dan\u00e7a na parede da caverna da mente? E o que somos n\u00f3s sen\u00e3o sombras que questionam a luz que as projeta?","author_id":22,"source_work":"Desconhecido","year":null,"source_url":null,"rights_status":"unclear","verification_status":"unverified","context":"Esta cita\u00e7\u00e3o, atribu\u00edda a um pensador an\u00f4nimo, emerge da tradi\u00e7\u00e3o metaf\u00edsica que questiona a natureza fundamental da realidade e da percep\u00e7\u00e3o. Ela dialoga diretamente com a alegoria da caverna de Plat\u00e3o, mas introduz uma camada autorreflexiva sobre o pr\u00f3prio ato de questionar.","interpretation":"A cita\u00e7\u00e3o prop\u00f5e que a realidade que experienciamos \u00e9 uma proje\u00e7\u00e3o ou representa\u00e7\u00e3o limitada (a 'sombra') de uma realidade mais fundamental e inacess\u00edvel (a 'luz'). A reviravolta metaf\u00edsica est\u00e1 na segunda parte: o ser humano n\u00e3o \u00e9 apenas uma sombra passiva, mas uma sombra que possui consci\u00eancia e que se pergunta sobre sua pr\u00f3pria origem e natureza. O ato de questionar torna-se parte integrante do fen\u00f4meno que est\u00e1 sendo examinado.","application":"Convida \u00e0 humildade epistemol\u00f3gica, lembrando-nos que nosso entendimento do mundo \u00e9 sempre mediado e limitado por nossas faculdades cognitivas. Aplica-se a reflex\u00f5es sobre ci\u00eancia (modelos como representa\u00e7\u00f5es), filosofia da mente (o problema da consci\u00eancia) e at\u00e9 \u00e0 vida cotidiana, quando questionamos a solidez de nossas certezas e percep\u00e7\u00f5es.","created_at":"2026-01-24 18:34:26","bibliography":"Esta \u00e9 uma cita\u00e7\u00e3o original criada para este exerc\u00edcio, inspirada na tradi\u00e7\u00e3o plat\u00f4nica. Para um aprofundamento, sugere-se 'O Mundo como Vontade e Representa\u00e7\u00e3o', de Arthur Schopenhauer, que explora sistematicamente a ideia de que o mundo experienciado \u00e9 uma representa\u00e7\u00e3o mental de uma realidade noum\u00eanica subjacente.","author_name":"William Shakespeare","author_slug":"william-shakespeare","themes":[{"title":"Metaf\u00edsica","slug":"metafisica"}]}