{"id":"184","slug":"o-mesmo-po-cosmico-que-forma-as-estrelas-danca-6cdd","content":"O mesmo p\u00f3 c\u00f3smico que forma as estrelas dan\u00e7a em nossos pulm\u00f5es a cada respira\u00e7\u00e3o, lembrando-nos que somos feitos de mat\u00e9ria que um dia brilhou no centro de um sol.","author_id":37,"source_work":"Reflex\u00f5es C\u00f3smicas (obra hipot\u00e9tica)","year":null,"source_url":null,"rights_status":"unclear","verification_status":"unverified","context":"Reflex\u00e3o sobre a composi\u00e7\u00e3o qu\u00edmica dos seres humanos e sua origem estelar, expandindo o conceito de que somos 'poeira das estrelas' para uma imagem mais \u00edntima e cotidiana.","interpretation":"Sagan frequentemente destacava nossa conex\u00e3o f\u00edsica com o cosmos. Esta cita\u00e7\u00e3o transforma um conceito astron\u00f4mico em uma experi\u00eancia sensorial imediata \u2013 a respira\u00e7\u00e3o \u2013 tornando a conex\u00e3o c\u00f3smica pessoal e inescap\u00e1vel. N\u00e3o somos apenas descendentes das estrelas, mas carregamos ativamente seu legado em nossos corpos a cada momento.","application":"Serve como um lembrete po\u00e9tico de nossa unidade com o universo, promovendo humildade e admira\u00e7\u00e3o. Pode ser usado para contextualizar problemas humanos dentro de uma perspectiva c\u00f3smica, ou para inspirar cuidado com nossos corpos e planeta, visto como mat\u00e9ria estelar consciente.","created_at":"2026-01-24 11:15:57","bibliography":null,"author_name":"Carl Sagan","author_slug":"carl-sagan","themes":[{"title":"Origem C\u00f3smica","slug":"origem-cosmica"},{"title":"Unidade com o Universo","slug":"unidade-com-o-universo"},{"title":"Perspectiva","slug":"perspectiva"},{"title":"Maravilha Cient\u00edfica","slug":"maravilha-cientifica"}]}