{"id":"270","slug":"o-medo-nao-e-um-sinal-de-fra-417","content":"O medo n\u00e3o \u00e9 um sinal de fraqueza, mas um convite \u00e0 coragem. Ele \u00e9 a sombra que prova a exist\u00eancia da luz interior que ousa enfrent\u00e1-lo.","author_id":20,"source_work":"Medita\u00e7\u00f5es (adapta\u00e7\u00e3o moderna)","year":null,"source_url":null,"rights_status":"unclear","verification_status":"unverified","context":"Inspirado no pensamento estoico de Marco Aur\u00e9lio, que frequentemente refletia sobre como lidar com as paix\u00f5es e perturba\u00e7\u00f5es da alma. Embora n\u00e3o seja uma cita\u00e7\u00e3o literal do imperador-fil\u00f3sofo, captura a ess\u00eancia de sua abordagem: transformar o que parece uma fraqueza em oportunidade para exercer a virtude.","interpretation":"A cita\u00e7\u00e3o prop\u00f5e uma reavalia\u00e7\u00e3o radical do medo. Em vez de v\u00ea-lo como um defeito ou falha de car\u00e1ter, devemos entend\u00ea-lo como um indicador natural que sinaliza a presen\u00e7a de um desafio. A 'luz interior' refere-se \u00e0 raz\u00e3o e \u00e0 coragem, que s\u00f3 se manifestam plenamente quando temos algo a superar. A sombra (medo) n\u00e3o existe sem luz (coragem), e vice-versa.","application":"Quando sentir medo, n\u00e3o tente suprimi-lo ou neg\u00e1-lo. Reconhe\u00e7a sua presen\u00e7a como um sinal de que voc\u00ea est\u00e1 diante de algo que importa. Use-o como combust\u00edvel para agir com prud\u00eancia, mas tamb\u00e9m com determina\u00e7\u00e3o. Pergunte-se: 'O que essa emo\u00e7\u00e3o est\u00e1 me convidando a enfrentar ou a proteger?'","created_at":"2026-01-24 17:59:34","bibliography":"Inspirado nos temas de 'Medita\u00e7\u00f5es' de Marco Aur\u00e9lio. Para aprofundar, leia 'A Arte de Viver' de Epicteto (compilado por Sharon Lebell), que explora como transformar obst\u00e1culos em caminhos atrav\u00e9s da filosofia pr\u00e1tica.","author_name":"Marco Aur\u00e9lio","author_slug":"marco-aurelio","themes":[{"title":"Medo","slug":"medo"}]}