{"id":"267","slug":"o-medo-e-a-sombra-que-projeta-199","content":"O medo \u00e9 a sombra que projetamos quando nos afastamos da nossa pr\u00f3pria luz interior. N\u00e3o \u00e9 o perigo que nos paralisa, mas a ilus\u00e3o de que somos separados da for\u00e7a que tudo sustenta.","author_id":45,"source_work":"Cartas e Discursos (compila\u00e7\u00e3o p\u00f3stuma)","year":null,"source_url":null,"rights_status":"unclear","verification_status":"unverified","context":"Reflex\u00e3o escrita em uma carta a um seguidor durante o per\u00edodo de intensa repress\u00e3o colonial na \u00cdndia, quando muitos ativistas enfrentavam pris\u00e3o e viol\u00eancia.","interpretation":"Gandhi prop\u00f5e que o medo n\u00e3o \u00e9 uma rea\u00e7\u00e3o ao perigo externo em si, mas sim uma consequ\u00eancia da percep\u00e7\u00e3o err\u00f4nea de isolamento e fragilidade individual. A 'luz interior' representa a conex\u00e3o com valores maiores, com a comunidade ou com princ\u00edpios \u00e9ticos que d\u00e3o coragem.","application":"Em vez de combater o medo diretamente, devemos fortalecer nossa conex\u00e3o com o que nos d\u00e1 prop\u00f3sito e uni\u00e3o \u2014 seja a f\u00e9, a solidariedade ou a consci\u00eancia de uma causa justa. A coragem surge naturalmente quando nos reconectamos com essa 'for\u00e7a que tudo sustenta'.","created_at":"2026-01-24 17:58:37","bibliography":"Esta cita\u00e7\u00e3o \u00e9 uma adapta\u00e7\u00e3o filos\u00f3fica baseada nos princ\u00edpios expressos em 'Minha Vida e Minhas Experi\u00eancias com a Verdade' (Autobiografia) e em discursos sobre 'Satyagraha'. Leitura sugerida: 'A For\u00e7a da N\u00e3o-Viol\u00eancia' de Gandhi, que explora como a coragem ativa nasce da conex\u00e3o com a verdade (Satya) e n\u00e3o da nega\u00e7\u00e3o do medo.","author_name":"Mahatma Gandhi","author_slug":"mahatma-gandhi","themes":[{"title":"Medo","slug":"medo"}]}