{"id":"266","slug":"o-medo-e-a-sombra-que-a-duvi-299","content":"O medo \u00e9 a sombra que a d\u00favida lan\u00e7a sobre a vontade; n\u00e3o \u00e9 a aus\u00eancia de luz, mas a recusa em seguir seu caminho.","author_id":6,"source_work":"Medita\u00e7\u00f5es sobre a Filosofia Primeira (adapta\u00e7\u00e3o tem\u00e1tica)","year":null,"source_url":null,"rights_status":"unclear","verification_status":"unverified","context":"Esta reflex\u00e3o foi elaborada no esp\u00edrito cartesiano, partindo do princ\u00edpio de que o medo n\u00e3o \u00e9 uma for\u00e7a externa, mas um produto da interrup\u00e7\u00e3o do movimento natural da raz\u00e3o. Enquanto Descartes investigou a d\u00favida como m\u00e9todo, aqui explora-se seu subproduto emocional.","interpretation":"O medo \u00e9 interpretado n\u00e3o como uma emo\u00e7\u00e3o prim\u00e1ria, mas como uma consequ\u00eancia da hesita\u00e7\u00e3o da vontade diante da incerteza. A 'luz' representa a clareza da raz\u00e3o ou da intui\u00e7\u00e3o; o medo surge quando, mesmo tendo dire\u00e7\u00e3o, a vontade se paralisa.","application":"Na vida pr\u00e1tica, isso sugere que enfrentar o medo n\u00e3o requer eliminar todas as incertezas, mas manter o movimento da decis\u00e3o e da a\u00e7\u00e3o apesar delas. A coragem seria, ent\u00e3o, a vontade em movimento, mesmo atrav\u00e9s da sombra da d\u00favida.","created_at":"2026-01-24 17:58:19","bibliography":"Inspirado no m\u00e9todo de d\u00favida de Descartes em 'Medita\u00e7\u00f5es sobre a Filosofia Primeira' (1641). Leitura sugerida: 'O Tratado das Paix\u00f5es da Alma' do pr\u00f3prio Descartes, onde ele analisa sistematicamente as emo\u00e7\u00f5es, incluindo o temor, como fen\u00f4menos mente-corpo.","author_name":"Ren\u00e9 Descartes","author_slug":"rene-descartes","themes":[{"title":"Medo","slug":"medo"}]}