{"id":"326","slug":"o-futuro-nao-e-um-lugar-para-427","content":"O futuro n\u00e3o \u00e9 um lugar para onde nos dirigimos, mas um espa\u00e7o que constru\u00edmos a cada pensamento claro e distinto que ousamos ter hoje.","author_id":6,"source_work":"Desconhecido (atribu\u00eddo ao esp\u00edrito cartesiano)","year":null,"source_url":null,"rights_status":"unclear","verification_status":"unverified","context":"Esta cita\u00e7\u00e3o foi concebida no esp\u00edrito do racionalismo cartesiano, extrapolando seu m\u00e9todo duvidoso e sua \u00eanfase na clareza do pensamento para o dom\u00ednio da temporalidade. Enquanto Descartes focou no presente da consci\u00eancia ('Cogito, ergo sum'), esta formula\u00e7\u00e3o projeta sua l\u00f3gica para a constru\u00e7\u00e3o ativa do porvir.","interpretation":"A cita\u00e7\u00e3o sugere que o futuro n\u00e3o \u00e9 um destino predeterminado ou uma mera consequ\u00eancia passiva do presente, mas uma realidade ativamente moldada pela qualidade do nosso pensamento no agora. O 'pensamento claro e distinto' \u2013 conceito central de Descartes para o conhecimento verdadeiro \u2013 torna-se aqui o alicerce da a\u00e7\u00e3o futura. A coragem ('ousamos ter') \u00e9 o elemento volitivo que conecta a epistemologia \u00e0 pr\u00e1xis temporal.","application":"Na vida pr\u00e1tica, isso nos convida a abandonar uma postura de espera ou de temor perante o futuro. Em vez disso, devemos focar em cultivar um pensamento rigoroso, l\u00facido e intencional no presente, pois cada ato cognitivo consciente \u00e9 um tijolo na edifica\u00e7\u00e3o do amanh\u00e3. Aplica-se ao planejamento pessoal, \u00e0 inova\u00e7\u00e3o cient\u00edfica e \u00e0 constru\u00e7\u00e3o social.","created_at":"2026-01-24 18:17:32","bibliography":"Esta \u00e9 uma cita\u00e7\u00e3o original, inspirada no pensamento de Ren\u00e9 Descartes. Para uma leitura relacionada, sugere-se 'Discurso do M\u00e9todo' (1637), onde Descartes estabelece as bases do pensamento claro e sistem\u00e1tico. Complementar com 'O Pr\u00edncipe' de Maquiavel para uma vis\u00e3o mais pragm\u00e1tica da a\u00e7\u00e3o no tempo.","author_name":"Ren\u00e9 Descartes","author_slug":"rene-descartes","themes":[{"title":"O Futuro","slug":"o-futuro"}]}