{"id":"323","slug":"o-futuro-nao-e-um-destino-a-574","content":"O futuro n\u00e3o \u00e9 um destino a ser alcan\u00e7ado, mas uma possibilidade a ser constru\u00edda pelo car\u00e1ter de nossas a\u00e7\u00f5es presentes.","author_id":3,"source_work":"\u00c9tica a Nic\u00f4maco (adapta\u00e7\u00e3o tem\u00e1tica)","year":null,"source_url":null,"rights_status":"unclear","verification_status":"unverified","context":"Esta cita\u00e7\u00e3o \u00e9 uma extrapola\u00e7\u00e3o moderna dos princ\u00edpios aristot\u00e9licos sobre virtude (aret\u00ea) e pr\u00e1xis, aplicados \u00e0 no\u00e7\u00e3o de futuro. Embora Arist\u00f3teles n\u00e3o tenha escrito exatamente essas palavras, a ideia \u00e9 completamente coerente com sua filosofia: o futuro emerge da atualiza\u00e7\u00e3o de pot\u00eancias atrav\u00e9s de a\u00e7\u00f5es virtuosas no presente.","interpretation":"A cita\u00e7\u00e3o nega uma vis\u00e3o determinista ou passiva do futuro. Em vez de ser um ponto fixo no horizonte, o futuro \u00e9 apresentado como um campo de possibilidades cuja realiza\u00e7\u00e3o depende diretamente da qualidade \u00e9tica e da intencionalidade das a\u00e7\u00f5es que realizamos agora. O 'car\u00e1ter' (ethos) das a\u00e7\u00f5es \u00e9 o arquiteto do amanh\u00e3.","application":"Na vida pr\u00e1tica, isso nos convida a abandonar a ansiedade por um futuro desconhecido e a focar na excel\u00eancia (virtude) de nossas decis\u00f5es e atos atuais. Seja no planejamento profissional, nos relacionamentos ou no desenvolvimento pessoal, o futuro desej\u00e1vel se constr\u00f3i com a mat\u00e9ria-prima de escolhas \u00e9ticas e a\u00e7\u00f5es conscientes no presente.","created_at":"2026-01-24 18:16:37","bibliography":"Inspirado nos conceitos de 'pot\u00eancia' (dynamis) e 'ato' (energeia) e na teleologia \u00e9tica de '\u00c9tica a Nic\u00f4maco'. Para aprofundamento, sugere-se 'F\u00edsica' (Livro III) de Arist\u00f3teles, onde ele discute movimento, potencialidade e tempo, e 'O Ponto de Muta\u00e7\u00e3o' de Fritjof Capra, que explora a mudan\u00e7a de paradigmas e a constru\u00e7\u00e3o do futuro.","author_name":"Arist\u00f3teles","author_slug":"aristoteles","themes":[{"title":"O Futuro","slug":"o-futuro"}]}