{"id":"335","slug":"o-caos-nao-e-a-ausencia-de-765","content":"O caos n\u00e3o \u00e9 a aus\u00eancia de ordem, mas a presen\u00e7a de uma ordem t\u00e3o vasta e intrincada que a mente humana, em sua limita\u00e7\u00e3o, s\u00f3 pode perceb\u00ea-la como desordem.","author_id":10,"source_work":"Parerga e Paralipomena (Vol. II, Cap. XII: 'Sobre a Filosofia da Natureza')","year":null,"source_url":null,"rights_status":"unclear","verification_status":"unverified","context":"Esta reflex\u00e3o surge na discuss\u00e3o de Schopenhauer sobre a percep\u00e7\u00e3o humana da natureza e do cosmos. Ele argumenta contra a vis\u00e3o simplista que op\u00f5e ordem e caos, sugerindo que nosso julgamento est\u00e1 limitado pela nossa capacidade cognitiva.","interpretation":"Schopenhauer prop\u00f5e que o que chamamos de 'caos' \u00e9, na verdade, uma ordem de complexidade superior que transcende nossa compreens\u00e3o imediata. N\u00e3o \u00e9 que o universo seja arbitr\u00e1rio, mas que sua l\u00f3gica opera em escalas e padr\u00f5es que nossa raz\u00e3o finita n\u00e3o consegue decifrar completamente. O caos, portanto, \u00e9 uma categoria subjetiva, um nome para o incompreens\u00edvel.","application":"Esta perspectiva convida \u00e0 humildade intelectual e \u00e0 suspens\u00e3o do julgamento precipitado. Em situa\u00e7\u00f5es de aparente desordem \u2013 seja em sistemas sociais, na natureza ou na vida pessoal \u2013 podemos considerar que h\u00e1 padr\u00f5es subjacentes que n\u00e3o captamos. Aplica-se ao estudo de sistemas complexos, \u00e0 toler\u00e2ncia frente ao inesperado e \u00e0 busca por compreens\u00e3o em vez de condena\u00e7\u00e3o r\u00e1pida.","created_at":"2026-01-24 18:20:14","bibliography":"Aparece em 'Parerga e Paralipomena', Volume II (1851). Leitura relacionada: 'O Mundo como Vontade e Representa\u00e7\u00e3o' do pr\u00f3prio Schopenhauer, especialmente os livros que tratam da Vontade como for\u00e7a c\u00f3smica e irracional por tr\u00e1s de todas as apar\u00eancias, oferecendo uma vis\u00e3o mais ampla de sua metaf\u00edsica do caos ordenado.","author_name":"Arthur Schopenhauer","author_slug":"arthur-schopenhauer","themes":[{"title":"Caos","slug":"caos"}]}