{"id":"356","slug":"nao-sao-as-coisas-que-aconte-412","content":"N\u00e3o s\u00e3o as coisas que acontecem que nos perturbam, mas as opini\u00f5es que temos sobre elas. A emo\u00e7\u00e3o n\u00e3o \u00e9 um golpe do destino, mas uma resposta da nossa pr\u00f3pria faculdade de julgamento.","author_id":5,"source_work":"Encheir\u00eddion (Manual de Epicteto)","year":null,"source_url":null,"rights_status":"unclear","verification_status":"unverified","context":"Esta reflex\u00e3o sintetiza o n\u00facleo do pensamento estoico sobre as emo\u00e7\u00f5es. Epicteto, um ex-escravo que se tornou fil\u00f3sofo, ensinava que a liberdade interior reside no controle sobre nossos pr\u00f3prios ju\u00edzos, n\u00e3o sobre os eventos externos.","interpretation":"A cita\u00e7\u00e3o distingue o evento objetivo (o 'fato') da avalia\u00e7\u00e3o subjetiva que fazemos dele (a 'opini\u00e3o'). As emo\u00e7\u00f5es (como raiva, medo, tristeza) n\u00e3o surgem diretamente das circunst\u00e2ncias, mas da nossa interpreta\u00e7\u00e3o pessoal e do valor que atribu\u00edmos a elas. Portanto, a chave para o equil\u00edbrio emocional est\u00e1 em examinar e, quando necess\u00e1rio, revisar nossos pr\u00f3prios julgamentos.","application":"Quando uma emo\u00e7\u00e3o intensa surgir, pause e pergunte-se: 'O que exatamente estou julgando sobre esta situa\u00e7\u00e3o? Estou interpretando-a como uma cat\u00e1strofe, uma injusti\u00e7a ou uma ofensa pessoal?'. Ao separar o fato da sua avalia\u00e7\u00e3o, voc\u00ea recupera o poder de escolher uma resposta mais s\u00e1bia e serena, em vez de ser arrastado pela rea\u00e7\u00e3o autom\u00e1tica.","created_at":"2026-01-24 18:27:05","bibliography":"Baseado nos ensinamentos compilados por Arriano no 'Encheir\u00eddion' (Cap\u00edtulo 5). Para aprofundar, leia 'Medita\u00e7\u00f5es', de Marco Aur\u00e9lio, que aplica esses princ\u00edpios na pr\u00e1tica governamental e no cotidiano, explorando como o imperador- fil\u00f3sofo lidava com a press\u00e3o e a adversidade atrav\u00e9s do governo de suas pr\u00f3prias impress\u00f5es.","author_name":"Epicteto","author_slug":"epicteto","themes":[{"title":"Emo\u00e7\u00e3o","slug":"emocao"}]}