{"id":"385","slug":"nao-confundas-a-sombra-da-mes-512","content":"N\u00e3o confundas a sombra da mesa com a mesa verdadeira. O que percebes s\u00e3o meras apar\u00eancias; o que compreendes, se tua raz\u00e3o for clara, aproxima-se da Forma.","author_id":5,"source_work":"Diatribes (reconstru\u00e7\u00e3o a partir dos ensinamentos registrados por Fl\u00e1vio Arriano)","year":null,"source_url":null,"rights_status":"unclear","verification_status":"unverified","context":"Reflex\u00e3o estoica sobre a distin\u00e7\u00e3o entre percep\u00e7\u00e3o sens\u00edvel e compreens\u00e3o intelectual, adaptando a linguagem plat\u00f4nica \u00e0 \u00e9tica pr\u00e1tica.","interpretation":null,"application":"Na vida pr\u00e1tica, n\u00e3o se apegue \u00e0s apar\u00eancias mut\u00e1veis (riqueza, fama, prazer), que s\u00e3o como sombras. Busque compreender e viver de acordo com a forma racional da virtude, que \u00e9 est\u00e1vel e verdadeira.","created_at":"2026-01-24 18:37:12","bibliography":"Baseado nos princ\u00edpios estoicos de Epicteto, conforme registrado nas 'Diatribes' e no 'Encheiridion'. Para uma leitura relacionada, sugere-se 'A Rep\u00fablica' de Plat\u00e3o (Livro VI-VII, Alegoria da Caverna), que fundamenta a Teoria das Formas e inspira esta reinterpreta\u00e7\u00e3o \u00e9tica.","author_name":"Epicteto","author_slug":"epicteto","themes":[{"title":"Teoria das Formas","slug":"teoria-das-formas"}]}