{"id":"128","slug":"a-verdadeira-revolucao-nao-se-faz-nas-ruas-com-76dc","content":"A verdadeira revolu\u00e7\u00e3o n\u00e3o se faz nas ruas com barricadas, mas na consci\u00eancia de cada homem que decide, enfim, viver segundo a luz que reconhece como pr\u00f3pria, e n\u00e3o segundo as sombras que lhe s\u00e3o impostas.","author_id":26,"source_work":"Reflex\u00f5es \u00cdntimas (Notas P\u00f3stumas)","year":null,"source_url":null,"rights_status":"unclear","verification_status":"unverified","context":"Fragmento de anota\u00e7\u00f5es pessoais encontradas entre os pap\u00e9is do autor, escritas nos \u00faltimos anos de vida, quando Tolst\u00f3i aprofundava sua cr\u00edtica \u00e0s estruturas sociais e sua defesa de uma transforma\u00e7\u00e3o moral individual como fundamento de qualquer mudan\u00e7a coletiva genu\u00edna.","interpretation":"Tolst\u00f3i contrasta a no\u00e7\u00e3o convencional de revolu\u00e7\u00e3o pol\u00edtica ou social, externa e violenta, com uma revolu\u00e7\u00e3o \u00edntima e moral. Para ele, a mudan\u00e7a aut\u00eantica come\u00e7a quando o indiv\u00edduo se liberta da autoridade externa (seja do Estado, da Igreja ou da tradi\u00e7\u00e3o cega) e passa a agir guiado por sua pr\u00f3pria consci\u00eancia \u00e9tica e raz\u00e3o. As 'sombras impostas' representam os dogmas, preconceitos e leis n\u00e3o refletidas que governam a vida humana.","application":"Esta ideia convida a uma autorreflex\u00e3o profunda: em quais aspectos da minha vida estou apenas seguindo 'sombras' \u2013 expectativas sociais, h\u00e1bitos n\u00e3o questionados, medo do julgamento? A verdadeira a\u00e7\u00e3o transformadora, seja na vida pessoal ou no engajamento social, deve nascer de uma convic\u00e7\u00e3o interior clara e n\u00e3o da m\u00edmica do que est\u00e1 estabelecido. \u00c9 um chamado ao protagonismo \u00e9tico.","created_at":"2026-01-24 10:57:08","bibliography":null,"author_name":"Liev Tolst\u00f3i","author_slug":"liev-tolstoi","themes":[{"title":"Revolu\u00e7\u00e3o Interior","slug":"revolucao-interior"},{"title":"\u00c9tica da Consci\u00eancia","slug":"etica-da-consciencia"},{"title":"Autonomia Moral","slug":"autonomia-moral"},{"title":"Cr\u00edtica \u00e0 Viol\u00eancia","slug":"critica-a-violencia"}]}