{"id":"300","slug":"a-verdadeira-educacao-nao-997","content":"A verdadeira educa\u00e7\u00e3o n\u00e3o \u00e9 a que se imp\u00f5e, mas a que se revela. \u00c9 o despertar de uma pergunta que j\u00e1 morava adormecida no olhar.","author_id":29,"source_work":"A Paix\u00e3o Segundo G.H. (adapta\u00e7\u00e3o tem\u00e1tica)","year":null,"source_url":null,"rights_status":"unclear","verification_status":"unverified","context":"Embora esta formula\u00e7\u00e3o seja uma cria\u00e7\u00e3o inspirada na obra de Clarice Lispector, ela captura a ess\u00eancia de sua reflex\u00e3o sobre o conhecimento como descoberta \u00edntima, n\u00e3o como transmiss\u00e3o externa. Em 'A Paix\u00e3o Segundo G.H.', a narradora vive uma educa\u00e7\u00e3o brutal atrav\u00e9s do encontro com uma barata, uma 'li\u00e7\u00e3o' que a desmonta por dentro.","interpretation":"A cita\u00e7\u00e3o prop\u00f5e uma vis\u00e3o anti-autorit\u00e1ria e existencial da educa\u00e7\u00e3o. Ela n\u00e3o \u00e9 um processo de enchimento ou domestica\u00e7\u00e3o, mas de revela\u00e7\u00e3o de um potencial j\u00e1 existente no indiv\u00edduo. O educador ideal seria aquele que provoca o despertar, que ajuda o outro a formular a pergunta que j\u00e1 carregava consigo, tornando-o ativo na constru\u00e7\u00e3o de seu pr\u00f3prio saber.","application":"Aplica-se a pr\u00e1ticas pedag\u00f3gicas que privilegiam a curiosidade, a investiga\u00e7\u00e3o e a autonomia do aprendiz sobre a mera reprodu\u00e7\u00e3o de conte\u00fado. Sugere que o papel do professor \u00e9 criar condi\u00e7\u00f5es para que o aluno entre em contato com suas pr\u00f3prias inquieta\u00e7\u00f5es e busque suas respostas, num processo muitas vezes desconcertante e transformador.","created_at":"2026-01-24 18:09:06","bibliography":"Inspirado na filosofia impl\u00edcita em 'A Paix\u00e3o Segundo G.H.' (1964) de Clarice Lispector. Para aprofundar, sugere-se 'Pedagogia do Oprimido' de Paulo Freire, que dialoga diretamente com a ideia de uma educa\u00e7\u00e3o libertadora, onde o educando \u00e9 sujeito de sua pr\u00f3pria forma\u00e7\u00e3o, n\u00e3o objeto de uma doa\u00e7\u00e3o de saber.","author_name":"Clarice Lispector","author_slug":"clarice-lispector","themes":[{"title":"Educa\u00e7\u00e3o","slug":"educacao"}]}