{"id":"82","slug":"a-verdadeira-acao-politica-nasce-nao-da-certez-9778","content":"A verdadeira a\u00e7\u00e3o pol\u00edtica nasce n\u00e3o da certeza, mas da coragem de habitar o espa\u00e7o incerto entre os homens.","author_id":15,"source_work":"A Condi\u00e7\u00e3o Humana","year":null,"source_url":null,"rights_status":"unclear","verification_status":"unverified","context":"Reflex\u00e3o sobre a natureza da pol\u00edtica e do espa\u00e7o p\u00fablico em contraposi\u00e7\u00e3o \u00e0s certezas dogm\u00e1ticas e ao isolamento da vida privada.","interpretation":"Arendt distingue a a\u00e7\u00e3o pol\u00edtica aut\u00eantica, que requer coragem para atuar no espa\u00e7o p\u00fablico compartilhado e plural, das posturas baseadas em certezas absolutas que negam o di\u00e1logo e a pluralidade humana.","application":"Esta cita\u00e7\u00e3o convida a valorizar o debate democr\u00e1tico, a toler\u00e2ncia com opini\u00f5es divergentes e a compreens\u00e3o de que a pol\u00edtica genu\u00edna ocorre no terreno da incerteza e do di\u00e1logo, n\u00e3o no dogma.","created_at":"2026-01-24 10:46:41","bibliography":null,"author_name":"Hannah Arendt","author_slug":"hannah-arendt","themes":[{"title":"Pol\u00edtica","slug":"politica"},{"title":"Coragem","slug":"coragem"},{"title":"Espa\u00e7o P\u00fablico","slug":"espaco-publico"},{"title":"Pluralidade Humana","slug":"pluralidade-humana"}]}