{"id":"214","slug":"a-semente-da-harmonia-social-n-927","content":"A semente da harmonia social n\u00e3o cresce no solo da indiferen\u00e7a, mas no jardim cultivado pelo respeito m\u00fatuo.","author_id":43,"source_work":"Desconhecido","year":null,"source_url":null,"rights_status":"unclear","verification_status":"unverified","context":"Esta reflex\u00e3o surge como contraponto a vis\u00f5es que enfatizam apenas a conformidade ou hierarquia r\u00edgida como bases da ordem social. Conf\u00facio frequentemente dialogava com disc\u00edpulos sobre como construir uma sociedade est\u00e1vel sem recorrer \u00e0 coer\u00e7\u00e3o.","interpretation":"A cita\u00e7\u00e3o sugere que a verdadeira harmonia coletiva n\u00e3o emerge passivamente da simples aus\u00eancia de conflito (indiferen\u00e7a), mas requer um engajamento ativo fundamentado no respeito rec\u00edproco entre indiv\u00edduos. O 'cultivo' implica esfor\u00e7o cont\u00ednuo e cuidado intencional com as rela\u00e7\u00f5es humanas.","application":"Aplica-se a qualquer contexto relacional - familiar, profissional ou comunit\u00e1rio. Prop\u00f5e que, em vez de evitar diferen\u00e7as ou impor uniformidade, devemos desenvolver a capacidade de honrar a dignidade do outro, mesmo em discord\u00e2ncia. A pr\u00e1tica di\u00e1ria de pequenos atos de considera\u00e7\u00e3o constr\u00f3i o 'solo' f\u00e9rtil para a coopera\u00e7\u00e3o duradoura.","created_at":"2026-01-24 11:40:24","bibliography":null,"author_name":"Conf\u00facio","author_slug":"confucio","themes":[{"title":"\u00c9tica Relacional","slug":"etica-relacional"},{"title":"Harmonia Social","slug":"harmonia-social"},{"title":"Respeito M\u00fatuo","slug":"respeito-mutuo"}]}