{"id":"354","slug":"a-razao-e-o-sol-que-ilumina-282","content":"A raz\u00e3o \u00e9 o sol que ilumina a alma; sem ela, o homem caminha \u00e0s cegas pelos vales da paix\u00e3o e pelos abismos do erro.","author_id":23,"source_work":"Desconhecido","year":null,"source_url":null,"rights_status":"unclear","verification_status":"unverified","context":"Esta cita\u00e7\u00e3o, atribu\u00edda ao esp\u00edrito cervantino, reflete a centralidade da raz\u00e3o como guia humano. Embora n\u00e3o seja uma cita\u00e7\u00e3o textual de Cervantes, captura o ethos de sua obra, onde a sanidade e a loucura, a ilus\u00e3o e a realidade, s\u00e3o constantemente mediadas pela luz da raz\u00e3o.","interpretation":"A met\u00e1fora da raz\u00e3o como 'sol' sugere que ela \u00e9 a fonte primordial de clareza, ordem e dire\u00e7\u00e3o para a vida interior. Sem sua luz orientadora, o ser humano fica \u00e0 merc\u00ea de for\u00e7as internas ca\u00f3ticas (paix\u00f5es) e \u00e9 levado a cometer equ\u00edvocos fundamentais (erros). A raz\u00e3o \u00e9, portanto, apresentada n\u00e3o como uma faculdade fria, mas como uma for\u00e7a vital e iluminadora.","application":"Na vida pr\u00e1tica, esta vis\u00e3o convida a cultivar o ju\u00edzo reflexivo antes de agir sob impulsos emocionais intensos. Aplica-se \u00e0 tomada de decis\u00f5es, ao exame cr\u00edtico das pr\u00f3prias cren\u00e7as e ao esfor\u00e7o cont\u00ednuo de entender o mundo e a si mesmo com clareza, evitando os 'atalhos' sedutores do preconceito e do desejo irrefletido.","created_at":"2026-01-24 18:26:23","bibliography":"Atribui\u00e7\u00e3o de esp\u00edrito ao pensamento de Miguel de Cervantes. Para um mergulho na dial\u00e9tica entre raz\u00e3o e desraz\u00e3o na literatura, sugere-se a leitura de 'Dom Quixote de La Mancha', onde o protagonista navega constantemente na t\u00eanue fronteira entre a lucidez e a loucura, desafiando o leitor a refletir sobre a natureza da realidade e do ju\u00edzo.","author_name":"Miguel de Cervantes","author_slug":"miguel-de-cervantes","themes":[{"title":"Raz\u00e3o","slug":"razao"}]}