{"id":"380","slug":"a-razao-e-o-mapa-que-desenha-111","content":"A raz\u00e3o \u00e9 o mapa que desenhamos da ilha desconhecida; a sensa\u00e7\u00e3o, o vento salgado que nos diz que a ilha existe.","author_id":17,"source_work":"Livro do Desassossego (atribu\u00eddo a Bernardo Soares)","year":null,"source_url":null,"rights_status":"unclear","verification_status":"unverified","context":"Este pensamento surge na reflex\u00e3o sobre como conhecemos o mundo e a n\u00f3s mesmos. Bernardo Soares, um dos heter\u00f4nimos de Fernando Pessoa, explora frequentemente a cis\u00e3o entre o que pensamos e o que sentimos, entre a an\u00e1lise intelectual e a experi\u00eancia imediata.","interpretation":"A met\u00e1fora sugere que a raz\u00e3o (o mapa) \u00e9 uma constru\u00e7\u00e3o posterior, uma tentativa de organizar e dar sentido ao que j\u00e1 foi intu\u00eddo ou vivido. A sensa\u00e7\u00e3o (o vento salgado), por sua vez, \u00e9 a prova prim\u00e1ria, imediata e indubit\u00e1vel da exist\u00eancia da realidade. Ambas s\u00e3o necess\u00e1rias, mas de naturezas distintas: uma \u00e9 mediada e simb\u00f3lica; a outra, direta e corp\u00f3rea.","application":"Na vida pr\u00e1tica, isso nos convida a n\u00e3o desprezar nem a intui\u00e7\u00e3o sensorial nem a an\u00e1lise racional. Em momentos de decis\u00e3o ou cria\u00e7\u00e3o, podemos buscar um equil\u00edbrio: permitir-nos sentir a realidade de forma crua, para depois usar a raz\u00e3o para naveg\u00e1-la e compreend\u00ea-la de forma estruturada.","created_at":"2026-01-24 18:35:32","bibliography":"Esta cita\u00e7\u00e3o \u00e9 uma cria\u00e7\u00e3o inspirada no estilo e nos temas do 'Livro do Desassossego', de Fernando Pessoa (na persona de Bernardo Soares). Para leitura relacionada, sugere-se o ensaio 'O Sentido do Sensacionismo' de \u00c1lvaro de Campos (outro heter\u00f4nimo de Pessoa), que explora de forma po\u00e9tica e filos\u00f3fica a primazia da sensa\u00e7\u00e3o sobre o pensamento discursivo.","author_name":"Fernando Pessoa","author_slug":"fernando-pessoa","themes":[{"title":"Raz\u00e3o versus Sensa\u00e7\u00e3o","slug":"razao-versus-sensacao"}]}