{"id":"355","slug":"a-razao-e-a-lampada-da-alma-977","content":"A raz\u00e3o \u00e9 a l\u00e2mpada da alma, que ilumina o caminho entre o que \u00e9 aparente e o que \u00e9 verdadeiro.","author_id":3,"source_work":"\u00c9tica a Nic\u00f4maco (Livro VI, adapta\u00e7\u00e3o)","year":null,"source_url":null,"rights_status":"unclear","verification_status":"unverified","context":"Esta reflex\u00e3o surge da distin\u00e7\u00e3o aristot\u00e9lica entre as apar\u00eancias sens\u00edveis (ta phainomena) e a verdade alcan\u00e7ada pelo intelecto (nous). Para Arist\u00f3teles, a raz\u00e3o (logos) n\u00e3o \u00e9 apenas c\u00e1lculo, mas a capacidade de discernir a forma (eidos) por tr\u00e1s da mat\u00e9ria.","interpretation":"A met\u00e1fora da 'l\u00e2mpada' sugere que a raz\u00e3o n\u00e3o cria a verdade, mas a revela, dissipando as sombras da opini\u00e3o e do engano. Ela \u00e9 um instrumento de ilumina\u00e7\u00e3o interior que nos permite distinguir a realidade essencial das meras apar\u00eancias sensoriais.","application":"Na vida pr\u00e1tica, esta cita\u00e7\u00e3o nos convida a usar a raz\u00e3o como um farol para examinar cren\u00e7as, impulsos e informa\u00e7\u00f5es superficiais. Antes de agir ou julgar, acender a 'l\u00e2mpada da raz\u00e3o' significa buscar a compreens\u00e3o profunda e a causa verdadeira por tr\u00e1s dos fen\u00f4menos.","created_at":"2026-01-24 18:26:43","bibliography":"Inspirado nas discuss\u00f5es sobre a virtude intelectual (aret\u00e9 diano\u0113tik\u0113) em '\u00c9tica a Nic\u00f4maco', Livro VI. Para aprofundar, sugere-se 'Metaf\u00edsica' (Livro IV), onde Arist\u00f3teles explora o princ\u00edpio de n\u00e3o-contradi\u00e7\u00e3o e o ser enquanto ser.","author_name":"Arist\u00f3teles","author_slug":"aristoteles","themes":[{"title":"Raz\u00e3o","slug":"razao"}]}