{"id":"372","slug":"a-politica-que-nao-se-alimen-137","content":"A pol\u00edtica que n\u00e3o se alimenta de \u00e9tica \u00e9 um corpo sem alma, que se move apenas pelo impulso do poder, e n\u00e3o pelo sopro da justi\u00e7a.","author_id":31,"source_work":"Desconhecido (atribui\u00e7\u00e3o inspirada na obra de Drummond)","year":null,"source_url":null,"rights_status":"unclear","verification_status":"unverified","context":"Esta cita\u00e7\u00e3o, concebida no esp\u00edrito reflexivo de Carlos Drummond de Andrade, aborda a rela\u00e7\u00e3o intr\u00ednseca e vital entre a a\u00e7\u00e3o pol\u00edtica e os fundamentos \u00e9ticos. Reflete uma preocupa\u00e7\u00e3o central na filosofia pol\u00edtica brasileira e latino-americana: a necessidade de um compromisso moral inalien\u00e1vel na condu\u00e7\u00e3o da coisa p\u00fablica.","interpretation":"A met\u00e1fora do 'corpo sem alma' \u00e9 poderosa: sugere que a pol\u00edtica, desprovida de um princ\u00edpio \u00e9tico que a oriente e a legitime, se reduz a um mero mecanismo vazio, um automatismo de conquista e manuten\u00e7\u00e3o de poder. O 'sopro da justi\u00e7a' contrap\u00f5e-se ao 'impulso do poder', indicando que a verdadeira for\u00e7a motriz da pol\u00edtica deve ser um ideal de equidade e bem comum, n\u00e3o a ambi\u00e7\u00e3o pessoal ou de grupo.","application":"Na pr\u00e1tica, esta ideia convida a uma avalia\u00e7\u00e3o constante das a\u00e7\u00f5es e dos agentes pol\u00edticos: suas decis\u00f5es s\u00e3o movidas por um compromisso verific\u00e1vel com o justo e o coletivo, ou apenas pela l\u00f3gica da domina\u00e7\u00e3o e da perpetua\u00e7\u00e3o no cargo? \u00c9 um chamado para que cidad\u00e3os e institui\u00e7\u00f5es exijam e construam uma pol\u00edtica com subst\u00e2ncia moral.","created_at":"2026-01-24 18:32:45","bibliography":"Esta \u00e9 uma cita\u00e7\u00e3o original, inspirada no tom e nas preocupa\u00e7\u00f5es \u00e9ticas presentes em obras de Carlos Drummond de Andrade como 'A Rosa do Povo' e 'Claro Enigma'. Para um aprofundamento no tema, sugere-se '\u00c9tica e Pol\u00edtica' de Marilena Chau\u00ed, que explora de forma brilhante as tens\u00f5es e as necess\u00e1rias concilia\u00e7\u00f5es entre esses dois campos na realidade brasileira.","author_name":"Carlos Drummond de Andrade","author_slug":"carlos-drummond-de-andrade","themes":[{"title":"\u00c9tica Pol\u00edtica","slug":"etica-politica"}]}