{"id":"373","slug":"a-politica-nao-e-a-arte-do-269","content":"A pol\u00edtica n\u00e3o \u00e9 a arte do poss\u00edvel, mas a virtude do bem comum; onde esta falta, n\u00e3o h\u00e1 cidade, apenas ajuntamento de interesses.","author_id":3,"source_work":"Pol\u00edtica (adapta\u00e7\u00e3o contempor\u00e2nea)","year":null,"source_url":null,"rights_status":"unclear","verification_status":"unverified","context":"Esta formula\u00e7\u00e3o contempor\u00e2nea desenvolve o pensamento aristot\u00e9lico expresso na 'Pol\u00edtica', onde Arist\u00f3teles define o homem como 'animal pol\u00edtico' (z\u014don politikon) e afirma que a cidade existe n\u00e3o apenas para a vida, mas para a vida boa. A cita\u00e7\u00e3o sintetiza sua cr\u00edtica \u00e0s formas degeneradas de governo que buscam interesses particulares em vez do bem comum.","interpretation":"Arist\u00f3teles distingue a verdadeira pol\u00edtica (que busca a eudaimonia coletiva) da mera administra\u00e7\u00e3o de interesses. A 'virtude do bem comum' refere-se \u00e0 justi\u00e7a distributiva e \u00e0 promo\u00e7\u00e3o das excel\u00eancias humanas atrav\u00e9s das institui\u00e7\u00f5es. A cidade aut\u00eantica existe apenas quando compartilha um projeto \u00e9tico coletivo.","application":"Na pol\u00edtica contempor\u00e2nea, esta vis\u00e3o questiona sistemas que reduzem a governan\u00e7a a transa\u00e7\u00f5es entre grupos de interesse ou \u00e0 mera gest\u00e3o t\u00e9cnica. Sugere que debates pol\u00edticos devem centrar-se em qual 'vida boa' queremos construir juntos, n\u00e3o apenas em quais concess\u00f5es s\u00e3o vi\u00e1veis no curto prazo.","created_at":"2026-01-24 18:33:05","bibliography":"Base conceitual: ARIST\u00d3TELES. 'Pol\u00edtica'. Livro I, 1253a. Leitura sugerida: 'A \u00c9tica a Nic\u00f4maco' do mesmo autor, que estabelece as bases da virtude individual que deve refletir-se na vida pol\u00edtica. Ambas as obras formam um sistema \u00e9tico-pol\u00edtico integrado.","author_name":"Arist\u00f3teles","author_slug":"aristoteles","themes":[{"title":"\u00c9tica Pol\u00edtica","slug":"etica-politica"}]}