{"id":"84","slug":"a-politica-comeca-no-espaco-entre-as-pessoas-e-68d3","content":"A pol\u00edtica come\u00e7a no espa\u00e7o entre as pessoas, e perece quando esse espa\u00e7o se fecha.","author_id":15,"source_work":"A Condi\u00e7\u00e3o Humana","year":null,"source_url":null,"rights_status":"unclear","verification_status":"unverified","context":"Arendt desenvolve sua teoria do espa\u00e7o p\u00fablico como o lugar da liberdade e da a\u00e7\u00e3o pol\u00edtica aut\u00eantica, contrastando com a esfera privada e social.","interpretation":"Arendt enfatiza que a verdadeira pol\u00edtica n\u00e3o ocorre no isolamento ou na uniformidade, mas no 'espa\u00e7o entre' indiv\u00edduos distintos que se encontram em di\u00e1logo e a\u00e7\u00e3o conjunta. Quando esse espa\u00e7o de pluralidade desaparece - seja por coer\u00e7\u00e3o, totalitarismo ou apatia - a pol\u00edtica genu\u00edna morre.","application":"Esta ideia nos alerta sobre sociedades onde o debate p\u00fablico \u00e9 sufocado, onde diferen\u00e7as s\u00e3o apagadas em nome da unidade for\u00e7ada, ou onde a esfera pol\u00edtica \u00e9 reduzida \u00e0 administra\u00e7\u00e3o t\u00e9cnica. Mant\u00e9m relev\u00e2ncia em discuss\u00f5es sobre democracia deliberativa, liberdade de express\u00e3o e a import\u00e2ncia da esfera p\u00fablica.","created_at":"2026-01-24 10:47:06","bibliography":null,"author_name":"Hannah Arendt","author_slug":"hannah-arendt","themes":[{"title":"Espa\u00e7o P\u00fablico","slug":"espaco-publico"},{"title":"Pluralidade Humana","slug":"pluralidade-humana"},{"title":"A\u00e7\u00e3o Pol\u00edtica","slug":"acao-politica"}]}