{"id":"340","slug":"a-ordem-nao-e-a-tirania-do-i-881","content":"A ordem n\u00e3o \u00e9 a tirania do im\u00f3vel, mas a dan\u00e7a do necess\u00e1rio; \u00e9 o ritmo que permite ao caos criar, e \u00e0 liberdade, encontrar seu caminho.","author_id":23,"source_work":"Reflex\u00f5es sobre a Vida Civil (atribu\u00eddo)","year":null,"source_url":null,"rights_status":"unclear","verification_status":"unverified","context":"Este pensamento, atribu\u00eddo ao esp\u00edrito cervantino, surge de uma reflex\u00e3o sobre a natureza da sociedade e do indiv\u00edduo. Enquanto Cervantes, em 'Dom Quixote', explorou o caos da ilus\u00e3o contra a realidade, aqui se explora o princ\u00edpio oposto: a ordem como fundamento, n\u00e3o como pris\u00e3o.","interpretation":"A cita\u00e7\u00e3o prop\u00f5e uma vis\u00e3o din\u00e2mica e org\u00e2nica da ordem. Ela n\u00e3o \u00e9 sin\u00f4nimo de rigidez ou opress\u00e3o, mas um princ\u00edpio organizador interno e externo que emerge da necessidade. \u00c9 o que confere ritmo e estrutura ao potencial criativo do caos e, paradoxalmente, \u00e9 o que torna a verdadeira liberdade poss\u00edvel, fornecendo os limites dentro dos quais ela pode se expressar e se direcionar de forma significativa.","application":"Pode ser aplicada tanto \u00e0 vida pessoal (estabelecendo rotinas e valores que d\u00e3o suporte \u00e0 criatividade e \u00e0 a\u00e7\u00e3o livre) quanto \u00e0 sociedade (onde leis e institui\u00e7\u00f5es devem servir como arcabou\u00e7o para a inova\u00e7\u00e3o e a autonomia, n\u00e3o como seu sufocamento). Convida a buscar a ordem que facilita, n\u00e3o a que paralisa.","created_at":"2026-01-24 18:21:52","bibliography":"Atribui\u00e7\u00e3o filos\u00f3fica baseada nos temas cervantinos. Para um aprofundamento, sugere-se 'O Elogio da Sombra' de Junichir\u014d Tanizaki, que explora, de forma diferente, como a ordem cultural e a restri\u00e7\u00e3o (no caso, a est\u00e9tica japonesa) podem ser fontes de beleza e profundidade, em contraste com o brilho desordenado.","author_name":"Miguel de Cervantes","author_slug":"miguel-de-cervantes","themes":[{"title":"Ordem","slug":"ordem"}]}