{"id":"339","slug":"a-ordem-nao-e-a-ausencia-de-531","content":"A ordem n\u00e3o \u00e9 a aus\u00eancia de movimento, mas a condi\u00e7\u00e3o para que o movimento tenha sentido. Ela nasce n\u00e3o da imposi\u00e7\u00e3o, mas do espa\u00e7o p\u00fablico onde os homens, em sua pluralidade, podem aparecer e agir.","author_id":15,"source_work":"A Condi\u00e7\u00e3o Humana","year":null,"source_url":null,"rights_status":"unclear","verification_status":"unverified","context":"Esta reflex\u00e3o surge da an\u00e1lise arendtiana da vita activa, contrastando a ordem autorit\u00e1ria (baseada na viol\u00eancia e homogeneiza\u00e7\u00e3o) com a ordem pol\u00edtica genu\u00edna, que emerge da a\u00e7\u00e3o concertada (praxis) no espa\u00e7o p\u00fablico.","interpretation":"Arendt distingue uma ordem est\u00e1tica e imposta (pr\u00f3pria do labor e do trabalho) de uma ordem din\u00e2mica e plural, pr\u00f3pria da esfera pol\u00edtica. Para ela, a verdadeira ordem humana n\u00e3o suprime a liberdade, mas a torna poss\u00edvel ao criar um espa\u00e7o comum onde os discursos e a\u00e7\u00f5es podem se desdobrar de modo significativo. \u00c9 uma ordem que acolhe, e n\u00e3o nega, a pluralidade.","application":"Na pol\u00edtica contempor\u00e2nea, convida-nos a questionar modelos de ordem baseados apenas no controle e na previsibilidade. Sugere que a sa\u00fade de uma sociedade se mede pela capacidade de seus cidad\u00e3os de gerar, atrav\u00e9s do debate e da a\u00e7\u00e3o coletiva, uma ordem sempre renovada, em vez de se submeter a uma ordem r\u00edgida e exterior. Aplica-se \u00e0 defesa de espa\u00e7os deliberativos e \u00e0 resist\u00eancia contra autoritarismos que prometem 'ordem' ao custo da liberdade pol\u00edtica.","created_at":"2026-01-24 18:21:32","bibliography":"Inspirado nas ideias centrais de 'A Condi\u00e7\u00e3o Humana' (1958). Leitura sugerida: 'Entre o Passado e o Futuro', onde Arendt explora ainda mais a crise da autoridade e a necessidade de re-fundar a ordem pol\u00edtica a partir da natalidade e da promessa.","author_name":"Hannah Arendt","author_slug":"hannah-arendt","themes":[{"title":"Ordem","slug":"ordem"}]}