{"id":"331","slug":"a-mudanca-nao-e-um-rio-que-806","content":"A mudan\u00e7a n\u00e3o \u00e9 um rio que nos arrasta, mas a pr\u00f3pria respira\u00e7\u00e3o do ser; quem se recusa a expirar o que foi, jamais inspira o que pode vir a ser.","author_id":24,"source_work":"Desconhecido (atribu\u00eddo ao esp\u00edrito goethiano)","year":null,"source_url":null,"rights_status":"unclear","verification_status":"unverified","context":"Esta reflex\u00e3o, embora n\u00e3o conste textualmente nas obras can\u00f4nicas de Goethe, sintetiza seu pensamento din\u00e2mico e vitalista, presente em obras como 'Fausto' e 'As Afinidades Eletivas'. Captura a ideia de que a transforma\u00e7\u00e3o \u00e9 um processo org\u00e2nico e necess\u00e1rio, n\u00e3o uma for\u00e7a externa.","interpretation":"A cita\u00e7\u00e3o prop\u00f5e que a mudan\u00e7a \u00e9 um processo ativo e interno, an\u00e1logo \u00e0 respira\u00e7\u00e3o. A resist\u00eancia a abandonar o passado (a expira\u00e7\u00e3o) impede o surgimento do novo (a inspira\u00e7\u00e3o). A verdadeira transforma\u00e7\u00e3o exige um desapego ativo para dar espa\u00e7o ao que est\u00e1 por vir.","application":"Pode ser aplicada em processos de transi\u00e7\u00e3o pessoal ou profissional, lembrando-nos de que o crescimento requer tanto o abandono consciente de etapas conclu\u00eddas quanto a abertura receptiva para novas possibilidades. \u00c9 um convite \u00e0 coragem de 'soltar' para poder 'receber'.","created_at":"2026-01-24 18:19:00","bibliography":"Atribui\u00e7\u00e3o de esp\u00edrito inspirado em Goethe. Para aprofundar, sugere-se 'Fausto' de Goethe, onde o protagonista vive uma busca eterna e transformadora, simbolizando o esp\u00edrito humano em constante devir.","author_name":"Johann Wolfgang von Goethe","author_slug":"johann-wolfgang-von-goethe","themes":[{"title":"Mudan\u00e7a","slug":"mudanca"}]}