{"id":"316","slug":"a-memoria-nao-e-um-arquivo-540","content":"A mem\u00f3ria n\u00e3o \u00e9 um arquivo morto, mas um ato cont\u00ednuo de recria\u00e7\u00e3o. O que lembramos n\u00e3o \u00e9 o passado em si, mas o passado que escolhemos para justificar nosso presente e projetar nosso futuro.","author_id":13,"source_work":"O Ser e o Nada (adapta\u00e7\u00e3o tem\u00e1tica)","year":null,"source_url":null,"rights_status":"unclear","verification_status":"unverified","context":"Esta cita\u00e7\u00e3o foi concebida no esp\u00edrito da fenomenologia existencialista de Sartre, especificamente expandindo sua an\u00e1lise da consci\u00eancia intencional e da m\u00e1-f\u00e9 para o dom\u00ednio da mem\u00f3ria. Para Sartre, a consci\u00eancia \u00e9 sempre 'consci\u00eancia de algo' e est\u00e1 em constante movimento (n\u00e9antisation), nunca coincidindo totalmente com o que foi.","interpretation":"A mem\u00f3ria, nesta vis\u00e3o, n\u00e3o \u00e9 uma reprodu\u00e7\u00e3o passiva de eventos, mas um processo ativo e seletivo de reconstru\u00e7\u00e3o. Lembramos atrav\u00e9s do filtro de nossos projetos atuais e de nossas justificativas existenciais. Isso implica que a 'verdade' do passado \u00e9 sempre mediada pela liberdade e responsabilidade do sujeito no presente, abrindo espa\u00e7o tanto para a autenticidade quanto para a m\u00e1-f\u00e9 (onde usamos mem\u00f3rias selecionadas para nos esconder de nossa liberdade).","application":"Isso nos convida a examinar criticamente nossas pr\u00f3prias narrativas pessoais e hist\u00f3ricas coletivas. Em vez de tratar as lembran\u00e7as como fatos objetivos e imut\u00e1veis, podemos questionar: qual projeto atual esta mem\u00f3ria serve? Como ela me define hoje? Essa perspectiva \u00e9 \u00fatil na psicoterapia, na historiografia e na reflex\u00e3o \u00e9tica, pois destaca que somos co-autores de nosso passado, n\u00e3o apenas seus produtos.","created_at":"2026-01-24 18:14:16","bibliography":"Inspirado na an\u00e1lise da temporalidade e da m\u00e1-f\u00e9 em 'O Ser e o Nada' (1943) de Jean-Paul Sartre. Leitura sugerida: 'A Mem\u00f3ria, a Hist\u00f3ria, o Esquecimento' (2000) de Paul Ricoeur, que dialoga profundamente com a heran\u00e7a fenomenol\u00f3gica e existencial, explorando a tr\u00edade narrativa que constitui a identidade pessoal e coletiva.","author_name":"Jean-Paul Sartre","author_slug":"jean-paul-sartre","themes":[{"title":"Mem\u00f3ria","slug":"memoria"}]}