{"id":"19","slug":"a-justica-que-nao-contempla-a-educacao-da-alma-1f0e","content":"A justi\u00e7a que n\u00e3o contempla a educa\u00e7\u00e3o da alma \u00e9 apenas a sombra de uma lei.","author_id":2,"source_work":"Desconhecido","year":null,"source_url":null,"rights_status":"unclear","verification_status":"unverified","context":"Esta cita\u00e7\u00e3o reflete o pensamento plat\u00f4nico sobre a rela\u00e7\u00e3o intr\u00ednseca entre justi\u00e7a e educa\u00e7\u00e3o, desenvolvido principalmente em 'A Rep\u00fablica' e 'As Leis'. Plat\u00e3o argumentava que as leis devem formar cidad\u00e3os virtuosos, n\u00e3o apenas punir infra\u00e7\u00f5es.","interpretation":"Plat\u00e3o sustenta que a verdadeira justi\u00e7a transcende a mera aplica\u00e7\u00e3o de regras e puni\u00e7\u00f5es; ela deve estar fundamentada na forma\u00e7\u00e3o do car\u00e1ter e no desenvolvimento da virtude. Uma sociedade que n\u00e3o investe na educa\u00e7\u00e3o \u00e9tica de seus cidad\u00e3os possui um sistema jur\u00eddico incompleto e ineficaz.","application":"Esta ideia inspira reflex\u00f5es sobre sistemas educacionais contempor\u00e2neos, sugerindo que a educa\u00e7\u00e3o deve priorizar a forma\u00e7\u00e3o \u00e9tica e c\u00edvica, n\u00e3o apenas o conhecimento t\u00e9cnico. Tamb\u00e9m questiona sistemas legais punitivistas que negligenciam a reabilita\u00e7\u00e3o e o desenvolvimento moral.","created_at":"2026-01-24 10:18:25","bibliography":null,"author_name":"Plat\u00e3o","author_slug":"platao","themes":[{"title":"Justi\u00e7a","slug":"justica"},{"title":"\u00c9tica","slug":"etica"},{"title":"Educa\u00e7\u00e3o","slug":"educacao"},{"title":"Filosofia Pol\u00edtica","slug":"filosofia-politica"}]}