{"id":"236","slug":"a-justica-nao-e-um-fardo-qu-285","content":"A justi\u00e7a n\u00e3o \u00e9 um fardo que se carrega, mas um horizonte que se persegue; e nessa caminhada, o maior erro \u00e9 confundir a balan\u00e7a com a vingan\u00e7a.","author_id":19,"source_work":"Desconhecido","year":null,"source_url":null,"rights_status":"unclear","verification_status":"unverified","context":"Esta reflex\u00e3o, embora atribu\u00edda ao esp\u00edrito machadiano, n\u00e3o se encontra em suas obras can\u00f4nicas. Ela dialoga com o pensamento do autor, que frequentemente explorou a fragilidade das institui\u00e7\u00f5es humanas e a complexidade moral em obras como 'Mem\u00f3rias P\u00f3stumas de Br\u00e1s Cubas' e 'Dom Casmurro'.","interpretation":"A cita\u00e7\u00e3o prop\u00f5e que a justi\u00e7a \u00e9 um ideal em constante constru\u00e7\u00e3o, um processo e n\u00e3o um produto final. A advert\u00eancia contra confundir 'balan\u00e7a' (s\u00edmbolo do equil\u00edbrio e pondera\u00e7\u00e3o) com 'vingan\u00e7a' (emo\u00e7\u00e3o cega e desproporcional) alerta para o perigo de a justi\u00e7a degenerar em mero revanchismo, perdendo seu car\u00e1ter \u00e9tico e reparador.","application":"Na pr\u00e1tica jur\u00eddica e no conv\u00edvio social, isso implica valorizar procedimentos justos, a proporcionalidade das penas e a repara\u00e7\u00e3o, em detrimento de respostas passionais. Convida a uma autocr\u00edtica constante sobre nossos pr\u00f3prios julgamentos, questionando se est\u00e3o guiados pelo desejo de equil\u00edbrio ou por ressentimento.","created_at":"2026-01-24 17:48:38","bibliography":"Esta \u00e9 uma cria\u00e7\u00e3o original no estilo de Machado de Assis. Para aprofundar no tema da justi\u00e7a no autor, leia 'Mem\u00f3rias P\u00f3stumas de Br\u00e1s Cubas', onde a ironia desmonta as no\u00e7\u00f5es convencionais de moral e justi\u00e7a social. Como leitura complementar, sugere-se 'Teoria da Justi\u00e7a', de John Rawls, para uma fundamenta\u00e7\u00e3o filos\u00f3fica moderna do conceito.","author_name":"Machado de Assis","author_slug":"machado-de-assis","themes":[{"title":"Justi\u00e7a","slug":"justica"}]}