{"id":"237","slug":"a-justica-nao-e-um-calculo-424","content":"A justi\u00e7a n\u00e3o \u00e9 um c\u00e1lculo frio de m\u00e9ritos, mas a luz que se recusa a ser apagada, mesmo quando todos os ventos da conveni\u00eancia sopram contra ela.","author_id":38,"source_work":"Desconhecido","year":null,"source_url":null,"rights_status":"unclear","verification_status":"unverified","context":"Esta cita\u00e7\u00e3o, atribu\u00edda a Marie Curie em um contexto filos\u00f3fico, reflete uma vis\u00e3o da justi\u00e7a que transcende a mera aplica\u00e7\u00e3o de regras. Embora Curie n\u00e3o fosse uma fil\u00f3sofa pol\u00edtica formal, sua vida e trabalho\u2014enfrentando preconceito e subjugando obst\u00e1culos para o avan\u00e7o do conhecimento\u2014encarnam uma luta por reconhecimento e equidade. A cita\u00e7\u00e3o evoca a ideia de que a justi\u00e7a \u00e9 um princ\u00edpio persistente e luminoso.","interpretation":"A cita\u00e7\u00e3o prop\u00f5e que a verdadeira justi\u00e7a \u00e9 um princ\u00edpio ativo e resiliente, comparado a uma luz inextingu\u00edvel. Ela se op\u00f5e a vis\u00f5es puramente utilit\u00e1rias ou transacionais de justi\u00e7a ('c\u00e1lculo frio de m\u00e9ritos'). Em vez disso, a justi\u00e7a \u00e9 apresentada como uma for\u00e7a \u00e9tica fundamental que deve persistir, mesmo quando \u00e9 inconveniente, dif\u00edcil ou impopular ('todos os ventos da conveni\u00eancia'). A met\u00e1fora da luz sugere clareza, verdade e orienta\u00e7\u00e3o moral.","application":"Esta perspectiva pode ser aplicada em situa\u00e7\u00f5es onde a justi\u00e7a formal ou legal pode ser tecnicamente satisfeita, mas falha em alcan\u00e7ar um resultado verdadeiramente equitativo ou humano. Incentiva indiv\u00edduos e sociedades a defenderem princ\u00edpios de equidade e retid\u00e3o n\u00e3o por recompensa ou reconhecimento, mas como um compromisso intr\u00ednseco. \u00c9 um chamado \u00e0 integridade moral em face da press\u00e3o social, do interesse pr\u00f3prio ou da complac\u00eancia.","created_at":"2026-01-24 17:48:59","bibliography":"Esta cita\u00e7\u00e3o \u00e9 uma cria\u00e7\u00e3o original inspirada no legado de Marie Curie. Para um aprofundamento no tema da justi\u00e7a como virtude e princ\u00edpio luminoso, sugere-se 'A Rep\u00fablica' de Plat\u00e3o, especialmente a Alegoria da Caverna e a discuss\u00e3o sobre a Justi\u00e7a como harmonia da alma e do Estado.","author_name":"Marie Curie","author_slug":"marie-curie","themes":[{"title":"Justi\u00e7a","slug":"justica"}]}