{"id":"203","slug":"a-jornada-rumo-ao-proprio-cen-996","content":"A jornada rumo ao pr\u00f3prio centro \u00e9 um mergulho nas \u00e1guas primordiais do ser, onde o caos do inconsciente encontra a ordem do consciente, dando origem ao Self.","author_id":41,"source_work":"Obras Completas (adaptado de conceitos dispersos)","year":null,"source_url":null,"rights_status":"unclear","verification_status":"unverified","context":"Esta s\u00edntese reflete a vis\u00e3o junguiana do processo de individua\u00e7\u00e3o \u2014 a integra\u00e7\u00e3o dos opostos ps\u00edquicos (consciente\/inconsciente, persona\/sombra) para alcan\u00e7ar a totalidade do Self. O \"centro\" simboliza o ponto de equil\u00edbrio ps\u00edquico.","interpretation":"Jung descreve o processo de autoconhecimento como uma viagem arquet\u00edpica \u00e0s profundezas da psique, onde o ca\u00f3tico e o ordenado se reconciliam. A met\u00e1fora das \"\u00e1guas primordiais\" remete ao inconsciente coletivo, fonte dos arqu\u00e9tipos. A uni\u00e3o desses polos opostos n\u00e3o \u00e9 uma anula\u00e7\u00e3o, mas uma s\u00edntese criadora que gera uma nova entidade ps\u00edquica: o Self, o si-mesmo total.","application":"Na psicoterapia e no desenvolvimento pessoal, esta cita\u00e7\u00e3o inspira a coragem de enfrentar as pr\u00f3prias contradi\u00e7\u00f5es, sombras e conte\u00fados inconscientes, entendendo que o caos interno n\u00e3o \u00e9 um inimigo, mas mat\u00e9ria-prima para a constru\u00e7\u00e3o de uma personalidade mais integrada e aut\u00eantica.","created_at":"2026-01-24 11:37:40","bibliography":null,"author_name":"Carl Jung","author_slug":"carl-jung","themes":[{"title":"Individua\u00e7\u00e3o","slug":"individuacao"},{"title":"Inconsciente Coletivo","slug":"inconsciente-coletivo"},{"title":"Self","slug":"self"},{"title":"Integra\u00e7\u00e3o dos Opostos","slug":"integracao-dos-opostos"}]}