{"id":"261","slug":"a-esperanca-nao-e-um-refug-607","content":"A esperan\u00e7a n\u00e3o \u00e9 um ref\u00fagio para a passividade, mas o combust\u00edvel da a\u00e7\u00e3o que se projeta para al\u00e9m do j\u00e1 dado. Ela nasce da recusa em aceitar o presente como destino final.","author_id":14,"source_work":"Por uma Moral da Ambiguidade","year":null,"source_url":null,"rights_status":"unclear","verification_status":"unverified","context":"No contexto de sua filosofia existencialista e \u00e9tica, Beauvoir discute a liberdade humana e a responsabilidade de engajar-se no mundo. Esta reflex\u00e3o surge da cr\u00edtica \u00e0 ideia de esperan\u00e7a como consolo passivo ou fuga.","interpretation":"Beauvoir redefine a esperan\u00e7a n\u00e3o como um sentimento de resigna\u00e7\u00e3o ou expectativa por uma interven\u00e7\u00e3o externa, mas como uma for\u00e7a ativa e projetiva. Ela est\u00e1 intrinsecamente ligada \u00e0 liberdade e \u00e0 capacidade humana de transcender as circunst\u00e2ncias presentes atrav\u00e9s da a\u00e7\u00e3o consciente e comprometida. A verdadeira esperan\u00e7a, portanto, exige coragem e envolvimento, n\u00e3o mera espera.","application":"Na vida pr\u00e1tica, esta vis\u00e3o convida-nos a n\u00e3o usar a esperan\u00e7a como um paliativo para a in\u00e9rcia. Em vez de esperar passivamente por um futuro melhor, devemos identificar essa esperan\u00e7a como o impulso que nos move a agir, a contestar injusti\u00e7as, a criar e a moldar ativamente a realidade. \u00c9 um chamado ao engajamento \u00e9tico e pol\u00edtico.","created_at":"2026-01-24 17:56:38","bibliography":"Trecho inspirado nas discuss\u00f5es \u00e9ticas de 'Por uma Moral da Ambiguidade' (1947). Para aprofundar, sugere-se 'O Segundo Sexo' (1949), onde Beauvoir aplica essa vis\u00e3o ativa da liberdade e da transforma\u00e7\u00e3o \u00e0 condi\u00e7\u00e3o feminina, analisando como a esperan\u00e7a de mudan\u00e7a deve concretizar-se em luta e redefini\u00e7\u00e3o de si.","author_name":"Simone de Beauvoir","author_slug":"simone-de-beauvoir","themes":[{"title":"Esperan\u00e7a","slug":"esperanca"}]}