{"id":"263","slug":"a-esperanca-nao-e-a-expecta-922","content":"A esperan\u00e7a n\u00e3o \u00e9 a expectativa passiva de um futuro melhor, mas a coragem ativa de enfrentar as sombras do presente para dar \u00e0 luz o que ainda n\u00e3o existe.","author_id":41,"source_work":"Desconhecido","year":null,"source_url":null,"rights_status":"unclear","verification_status":"unverified","context":"Esta cita\u00e7\u00e3o, inspirada no pensamento de Carl Jung, reflete sua vis\u00e3o sobre a psique e o processo de individua\u00e7\u00e3o. Para Jung, a verdadeira transforma\u00e7\u00e3o ocorre n\u00e3o pela fuga, mas pelo confronto consciente com os conte\u00fados inconscientes (as 'sombras'). A esperan\u00e7a, nesse sentido, emerge do trabalho interior.","interpretation":"A cita\u00e7\u00e3o distingue a esperan\u00e7a da mera expectativa otimista. Prop\u00f5e que a esperan\u00e7a aut\u00eantica \u00e9 um ato de bravura psicol\u00f3gica: requer que mergulhemos nas dificuldades e contradi\u00e7\u00f5es atuais (nossas sombras pessoais e coletivas) para, a partir desse encontro, gerar algo genuinamente novo. \u00c9 um processo criativo e ativo, n\u00e3o uma espera passiva.","application":"Na pr\u00e1tica, isso significa que cultivar esperan\u00e7a exige a\u00e7\u00e3o reflexiva. Em vez de apenas desejar que uma situa\u00e7\u00e3o mude, devemos examinar honestamente nosso papel nela, enfrentar medos e padr\u00f5es negativos, e tomar pequenos passos concretos a partir dessa nova consci\u00eancia. Aplica-se tanto ao desenvolvimento pessoal quanto aos desafios sociais.","created_at":"2026-01-24 17:57:21","bibliography":"Esta \u00e9 uma cita\u00e7\u00e3o original, inspirada na obra de Carl Jung. Para aprofundar, sugere-se 'O Homem e Seus S\u00edmbolos', onde Jung explora como o confronto com o inconsciente \u00e9 fonte de renova\u00e7\u00e3o e significado. Outra leitura pertinente \u00e9 'A Esperan\u00e7a na Escurid\u00e3o', de Rebecca Solnit, que tra\u00e7a uma linha similar sobre a esperan\u00e7a como um verbo ativo.","author_name":"Carl Jung","author_slug":"carl-jung","themes":[{"title":"Esperan\u00e7a","slug":"esperanca"}]}