{"id":"81","slug":"a-esperanca-nao-e-a-antitese-do-pensamento-ma-43ec","content":"A esperan\u00e7a n\u00e3o \u00e9 a ant\u00edtese do pensamento, mas sua condi\u00e7\u00e3o: s\u00f3 pensamos porque podemos imaginar um mundo diferente.","author_id":15,"source_work":"Desconhecido","year":null,"source_url":null,"rights_status":"unclear","verification_status":"unverified","context":"Esta reflex\u00e3o surge de sua an\u00e1lise sobre a rela\u00e7\u00e3o entre capacidade cr\u00edtica e transforma\u00e7\u00e3o pol\u00edtica, argumentando contra a vis\u00e3o de que o pessimismo \u00e9 mais realista que a esperan\u00e7a.","interpretation":"Arendt desafia a ideia de que a esperan\u00e7a \u00e9 ing\u00eanua ou irracional. Para ela, a capacidade de imaginar alternativas (esperan\u00e7a) \u00e9 pr\u00e9-condi\u00e7\u00e3o para o pensamento cr\u00edtico e a a\u00e7\u00e3o pol\u00edtica significativa. N\u00e3o se trata de otimismo cego, mas da abertura mental necess\u00e1ria para questionar o status quo.","application":"Na pol\u00edtica contempor\u00e2nea, essa ideia nos lembra que a cr\u00edtica destrutiva sem vis\u00e3o de futuro \u00e9 est\u00e9ril. Movimentos de transforma\u00e7\u00e3o social dependem dessa capacidade de imaginar possibilidades n\u00e3o realizadas, mantendo o pensamento rigoroso sobre os meios para alcan\u00e7\u00e1-las.","created_at":"2026-01-24 10:46:30","bibliography":null,"author_name":"Hannah Arendt","author_slug":"hannah-arendt","themes":[{"title":"Esperan\u00e7a Pol\u00edtica","slug":"esperanca-politica"},{"title":"Pensamento Cr\u00edtico","slug":"pensamento-critico"},{"title":"A\u00e7\u00e3o Humana","slug":"acao-humana"},{"title":"Imagina\u00e7\u00e3o Pol\u00edtica","slug":"imaginacao-politica"}]}