{"id":"360","slug":"a-emocao-e-o-vento-que-agit-182","content":"A emo\u00e7\u00e3o \u00e9 o vento que agita as \u00e1guas do nosso ser, tornando turva a superf\u00edcie onde dever\u00edamos ver o reflexo da realidade.","author_id":10,"source_work":"Parerga e Paralipomena","year":null,"source_url":null,"rights_status":"unclear","verification_status":"unverified","context":"Schopenhauer frequentemente contrastava a percep\u00e7\u00e3o racional com a experi\u00eancia emocional. Neste trecho, ele discute como as paix\u00f5es e os sentimentos imediatos perturbam nossa capacidade de ver o mundo com clareza objetiva, comparando a mente a um lago cujas \u00e1guas calmas refletem a verdade, mas que \u00e9 agitado pelas tempestades emocionais.","interpretation":"A met\u00e1fora sugere que as emo\u00e7\u00f5es, embora fundamentais \u00e0 experi\u00eancia humana, funcionam como um v\u00e9u que distorce nossa percep\u00e7\u00e3o da realidade. A \u00e1gua turva representa a mente sob influ\u00eancia emocional, incapaz de refletir com precis\u00e3o o mundo exterior ou de alcan\u00e7ar a compreens\u00e3o filos\u00f3fica, que para Schopenhauer requer uma certa dist\u00e2ncia contemplativa.","application":"Esta perspectiva convida ao cultivo de um equil\u00edbrio emocional, especialmente em momentos de decis\u00e3o importante ou reflex\u00e3o profunda. N\u00e3o se trata de suprimir as emo\u00e7\u00f5es, mas de reconhecer seu poder de colorir e alterar nossa percep\u00e7\u00e3o, buscando momentos de serenidade para enxergar com maior clareza.","created_at":"2026-01-24 18:28:32","bibliography":"Parerga e Paralipomena, Volume II, Cap\u00edtulo XIX. Para uma explora\u00e7\u00e3o complementar sobre a rela\u00e7\u00e3o entre afeto e conhecimento, sugere-se '\u00c9tica' de Espinosa, que aborda as paix\u00f5es humanas e o caminho para a liberdade atrav\u00e9s de sua compreens\u00e3o racional.","author_name":"Arthur Schopenhauer","author_slug":"arthur-schopenhauer","themes":[{"title":"Emo\u00e7\u00e3o","slug":"emocao"}]}