{"id":"359","slug":"a-emocao-desgovernada-e-com-864","content":"A emo\u00e7\u00e3o desgovernada \u00e9 como um cavalo selvagem sem r\u00e9deas: arrasta a raz\u00e3o para o abismo, enquanto a emo\u00e7\u00e3o educada pela reflex\u00e3o \u00e9 o vento que impulsiona o barco da alma rumo ao porto da sabedoria.","author_id":1,"source_work":"Ap\u00f3crifo socr\u00e1tico (inspirado nos di\u00e1logos plat\u00f4nicos)","year":null,"source_url":null,"rights_status":"unclear","verification_status":"unverified","context":"Esta m\u00e1xima \u00e9 constru\u00edda a partir do pensamento socr\u00e1tico-plat\u00f4nico sobre a psykh\u00e9 (alma), particularmente da analogia da biga alada em 'Fedro' e da hierarquia da alma em 'A Rep\u00fablica'. Reflete a preocupa\u00e7\u00e3o socr\u00e1tica com o governo de si mesmo (enkr\u00e1teia).","interpretation":"A cita\u00e7\u00e3o estabelece uma distin\u00e7\u00e3o crucial entre a emo\u00e7\u00e3o bruta, que subjuga a faculdade racional e leva ao descontrole, e a emo\u00e7\u00e3o refinada pelo exame racional (di\u00e1logo interno), que se torna uma for\u00e7a propulsora para o desenvolvimento \u00e9tico e intelectual. N\u00e3o se trata de suprimir a emo\u00e7\u00e3o, mas de integr\u00e1-la \u00e0 vida examinada.","application":"Na vida pr\u00e1tica, isso convida a n\u00e3o reprimir sentimentos como a ira, o medo ou o desejo, mas a acolh\u00ea-los como sinais para ent\u00e3o submet\u00ea-los ao crivo da reflex\u00e3o. Uma decis\u00e3o importante, por exemplo, deve considerar o 'ventre' emocional, mas n\u00e3o ser por ele governada. A pr\u00e1tica do di\u00e1logo (externo ou interno) \u00e9 o m\u00e9todo para esta 'educa\u00e7\u00e3o' das emo\u00e7\u00f5es.","created_at":"2026-01-24 18:28:11","bibliography":"Esta formula\u00e7\u00e3o \u00e9 uma s\u00edntese criativa baseada nos conceitos de 'enkr\u00e1teia' (autocontrole) e 'sophrosyne' (modera\u00e7\u00e3o) presentes em 'A Rep\u00fablica' e 'Prot\u00e1goras' de Plat\u00e3o. Leitura sugerida: '\u00c9tica a Nic\u00f4maco', de Arist\u00f3teles (Livros II e III), para um desenvolvimento sistem\u00e1tico da rela\u00e7\u00e3o entre emo\u00e7\u00e3o (pathos), h\u00e1bito (ethos) e raz\u00e3o pr\u00e1tica (phronesis) na forma\u00e7\u00e3o do car\u00e1ter virtuoso.","author_name":"S\u00f3crates","author_slug":"socrates","themes":[{"title":"Emo\u00e7\u00e3o","slug":"emocao"}]}