{"id":"196","slug":"a-compreensao-de-que-somos-ap-211","content":"A compreens\u00e3o de que somos apenas um ramo recente na imensa \u00e1rvore da vida deveria inspirar n\u00e3o desespero, mas uma profunda humildade e um renovado senso de responsabilidade para com todos os galhos que compartilhamos.","author_id":39,"source_work":"Desconhecido","year":null,"source_url":null,"rights_status":"unclear","verification_status":"unverified","context":"Esta reflex\u00e3o hipot\u00e9tica expande o pensamento darwiniano sobre a origem comum das esp\u00e9cies, sugerindo uma consequ\u00eancia \u00e9tica e emocional dessa compreens\u00e3o cient\u00edfica.","interpretation":"A cita\u00e7\u00e3o prop\u00f5e que o conhecimento de nossa posi\u00e7\u00e3o evolutiva, longe de ser uma fonte de niilismo, deve gerar uma atitude de mod\u00e9stia e um compromisso \u00e9tico com toda a biosfera, da qual somos parte interdependente.","application":"Aplica-se \u00e0 \u00e9tica ambiental, \u00e0 bio\u00e9tica e \u00e0 reflex\u00e3o sobre o lugar da humanidade no mundo natural, incentivando uma postura de cuidado e n\u00e3o de domina\u00e7\u00e3o.","created_at":"2026-01-24 11:35:57","bibliography":null,"author_name":"Charles Darwin","author_slug":"charles-darwin","themes":[{"title":"Humildade C\u00f3smica","slug":"humildade-cosmica"},{"title":"Responsabilidade Ecol\u00f3gica","slug":"responsabilidade-ecologica"}]}