{"id":"343","slug":"a-beleza-nao-e-uma-proprieda-441","content":"A beleza n\u00e3o \u00e9 uma propriedade do objeto, mas uma harmonia entre a forma e o entendimento, um jogo livre entre imagina\u00e7\u00e3o e raz\u00e3o que revela nosso pr\u00f3prio poder de julgar.","author_id":9,"source_work":"Cr\u00edtica da Faculdade do Ju\u00edzo","year":null,"source_url":null,"rights_status":"unclear","verification_status":"unverified","context":"Esta cita\u00e7\u00e3o fict\u00edcia, inspirada no pensamento kantiano, situa-se na sua an\u00e1lise do ju\u00edzo est\u00e9tico. Para Kant, o belo n\u00e3o reside no objeto em si, mas na rela\u00e7\u00e3o especial que estabelecemos com ele atrav\u00e9s de nossas faculdades cognitivas.","interpretation":"A beleza emerge de uma sintonia entre a forma percebida (imagem, som, estrutura) e nossa capacidade de compreens\u00e3o. N\u00e3o \u00e9 algo que possamos provar objetivamente, mas uma experi\u00eancia subjetiva universaliz\u00e1vel, onde imagina\u00e7\u00e3o e raz\u00e3o interagem sem um fim determinado, gerando prazer desinteressado.","application":"Esta perspectiva convida a apreciar a beleza n\u00e3o como busca de perfei\u00e7\u00e3o objetiva, mas como cultivo de uma sensibilidade atenta. Aplica-se \u00e0 educa\u00e7\u00e3o est\u00e9tica, \u00e0 cr\u00edtica de arte e \u00e0 reflex\u00e3o sobre como valorizamos paisagens, obras e rostos, focando no processo perceptivo e n\u00e3o em checklists de atributos.","created_at":"2026-01-24 18:22:43","bibliography":"Inspirado na 'Cr\u00edtica da Faculdade do Ju\u00edzo' (1790) de Immanuel Kant. Para aprofundar, sugere-se 'O Belo Aut\u00f4nomo' de Gerd Bornheim, que explora a autonomia do ju\u00edzo est\u00e9tico na filosofia kantiana e sua influ\u00eancia no pensamento moderno.","author_name":"Immanuel Kant","author_slug":"immanuel-kant","themes":[{"title":"Beleza","slug":"beleza"}]}