{"id":"342","slug":"a-beleza-nao-e-uma-forma-que-807","content":"A beleza n\u00e3o \u00e9 uma forma que agrada aos olhos, mas uma harmonia que ressoa na alma. O que \u00e9 verdadeiramente belo \u00e9 o que est\u00e1 em acordo com a natureza, tanto a do mundo quanto a nossa pr\u00f3pria.","author_id":5,"source_work":"Diatribai (Discursos), Livro III","year":null,"source_url":null,"rights_status":"unclear","verification_status":"unverified","context":"Epicteto frequentemente contrastava a beleza superficial e transit\u00f3ria das coisas materiais com a beleza duradoura que surge da virtude e do viver de acordo com a raz\u00e3o e a natureza. Esta reflex\u00e3o surge em um di\u00e1logo sobre o que realmente vale a pena admirar e buscar.","interpretation":"Epicteto redefine a beleza, tirando-a do dom\u00ednio puramente est\u00e9tico e sensorial e colocando-a no \u00e2mbito \u00e9tico e existencial. A verdadeira beleza \u00e9 interna, uma qualidade de car\u00e1ter e de alinhamento com a ordem racional do cosmos (a Natureza). \u00c9 uma beleza de fun\u00e7\u00e3o e prop\u00f3sito, n\u00e3o apenas de apar\u00eancia.","application":"Aplicar esta vis\u00e3o convida a buscar a beleza no cultivo da sabedoria, da justi\u00e7a, da coragem e da modera\u00e7\u00e3o \u2014 as virtudes estoicas. Em vez de nos preocuparmos excessivamente com a est\u00e9tica fugaz, devemos nos concentrar em criar uma vida harmoniosa, onde nossas a\u00e7\u00f5es e pensamentos estejam em sintonia com o que \u00e9 verdadeiro e bom.","created_at":"2026-01-24 18:22:27","bibliography":"Baseado nos princ\u00edpios encontrados em 'Discursos' e no 'Encheiridion' de Epicteto, compilados por seu aluno Arriano. Para uma leitura relacionada, sugere-se 'Medita\u00e7\u00f5es' de Marco Aur\u00e9lio, que desenvolve profundamente o tema da beleza na natureza e na a\u00e7\u00e3o correta, refletindo a mesma filosofia pr\u00e1tica.","author_name":"Epicteto","author_slug":"epicteto","themes":[{"title":"Beleza","slug":"beleza"}]}