{"id":"254","slug":"a-arte-nao-e-espelho-do-mund-587","content":"A arte n\u00e3o \u00e9 espelho do mundo, mas o martelo com que o esculpimos.","author_id":19,"source_work":"Mem\u00f3rias P\u00f3stumas de Br\u00e1s Cubas","year":null,"source_url":null,"rights_status":"unclear","verification_status":"unverified","context":"Esta reflex\u00e3o surge no cap\u00edtulo em que Br\u00e1s Cubas discute a natureza da cria\u00e7\u00e3o art\u00edstica, contrastando-a com a mera imita\u00e7\u00e3o da realidade. Machado questiona a vis\u00e3o mim\u00e9tica da arte, propondo uma fun\u00e7\u00e3o ativa e transformadora.","interpretation":"Aqui, Machado de Assis subverte a famosa met\u00e1fora aristot\u00e9lica da arte como imita\u00e7\u00e3o (mimese). Em vez de refletir passivamente a realidade, a arte \u00e9 apresentada como ferramenta ativa de interven\u00e7\u00e3o e modelagem do mundo. O 'martelo' sugere for\u00e7a, impacto e trabalho consciente de transforma\u00e7\u00e3o.","application":"Esta vis\u00e3o convida artistas e apreciadores a pensarem a arte n\u00e3o como reprodu\u00e7\u00e3o, mas como ato de interven\u00e7\u00e3o cr\u00edtica e criativa na realidade. Aplica-se tanto \u00e0s artes pl\u00e1sticas e liter\u00e1rias quanto \u00e0 forma como constru\u00edmos narrativas pessoais e sociais.","created_at":"2026-01-24 17:54:16","bibliography":"Aparece em 'Mem\u00f3rias P\u00f3stumas de Br\u00e1s Cubas' (1881), Cap\u00edtulo LXXII. Leitura relacionada: 'O Espelho' (conto do mesmo autor), que explora camadas da identidade e representa\u00e7\u00e3o, dialogando diretamente com esta reflex\u00e3o sobre arte e realidade.","author_name":"Machado de Assis","author_slug":"machado-de-assis","themes":[{"title":"Arte","slug":"arte"}]}