{"id":"183","slug":"a-admiracao-pelo-cosmos-nao-e-fuga-da-realidad-cede","content":"A admira\u00e7\u00e3o pelo cosmos n\u00e3o \u00e9 fuga da realidade terrena, mas a compreens\u00e3o de que nosso lar planet\u00e1rio \u00e9 um fragmento precioso da imensid\u00e3o \u2014 e que cuidar dele \u00e9 nosso primeiro dever c\u00f3smico.","author_id":37,"source_work":"O Mundo Assombrado pelos Dem\u00f4nios (adapta\u00e7\u00e3o para contexto moderno)","year":null,"source_url":null,"rights_status":"unclear","verification_status":"unverified","context":"Reflex\u00e3o sobre a rela\u00e7\u00e3o entre a explora\u00e7\u00e3o espacial e a responsabilidade ambiental, escrita como se fosse uma extens\u00e3o de seus pensamentos sobre a \"p\u00e1lido ponto azul\".","interpretation":"Sagan argumenta que a vis\u00e3o c\u00f3smica n\u00e3o nos afasta das responsabilidades terrestres, mas as amplifica. Reconhecer nossa pequenez no universo deve gerar n\u00e3o desespero, mas uma determina\u00e7\u00e3o renovada para preservar nosso \u00fanico ref\u00fagio conhecido.","application":"Incentiva a ver a prote\u00e7\u00e3o ambiental como uma obriga\u00e7\u00e3o c\u00f3smica, unindo a curiosidade cient\u00edfica com a \u00e9tica pr\u00e1tica. Aplic\u00e1vel em discuss\u00f5es sobre sustentabilidade, educa\u00e7\u00e3o cient\u00edfica e pol\u00edtica ambiental.","created_at":"2026-01-24 11:15:39","bibliography":null,"author_name":"Carl Sagan","author_slug":"carl-sagan","themes":[{"title":"Consci\u00eancia Planet\u00e1ria","slug":"consciencia-planetaria"},{"title":"Responsabilidade C\u00f3smica","slug":"responsabilidade-cosmica"},{"title":"Perspectiva Humana","slug":"perspectiva-humana"}]}